{"id":2265,"date":"2024-02-07T23:44:34","date_gmt":"2024-02-07T23:44:34","guid":{"rendered":"https:\/\/grupoadministrategia.com\/en\/?p=2265"},"modified":"2024-12-19T23:49:04","modified_gmt":"2024-12-19T23:49:04","slug":"scjn-publicacion-tesis-relativas-a-la-exencion-de-pago-de-iva","status":"publish","type":"post","link":"https:\/\/grupoadministrategia.com\/en\/2024\/02\/07\/scjn-publicacion-tesis-relativas-a-la-exencion-de-pago-de-iva\/","title":{"rendered":"SCJN- Publicaci\u00f3n Tesis relativas a la exenci\u00f3n de pago de IVA"},"content":{"rendered":"\n<p class=\"\">El pasado 06 de febrero de 2024, se publicaron en el Semanario Judicial de la Federaci\u00f3n de la Suprema Corte de Justicia de la Naci\u00f3n (SCJN), las siguientes tesis relativas a la exenci\u00f3n del pago del Impuesto al Valor Agregado a las personas morales autorizadas para recibir donativos deducibles para efectos del Impuesto Sobre la Renta cuando se enajenen bienes, presten Servicios Independientes u otorguen el uso o goce temporal de bienes, las cuales consideramos relevantes para fines fiscales:<\/p>\n\n\n\n<p class=\"\"><strong>Registro digital: 2028113.<\/strong><\/p>\n\n\n\n<p class=\"\">Impuesto Al Valor Agregado. Los art\u00edculos 9O., Fracci\u00f3n X, 15, Fracci\u00f3n Vii, Y 20, Fracci\u00f3n I, De La Ley De La Materia, al exentar del pago de dicho impuesto a las Personas Morales autorizadas para recibir donativos deducibles para los efectos del Impuesto Sobre la Renta cuando enajenan bienes, prestan servicios independientes u otorgan el uso o goce temporal de bienes, no transgreden el principio de equidad tributaria.<\/p>\n\n\n\n<p class=\"\"><strong>Registro digital: 2028114.<\/strong><\/p>\n\n\n\n<p class=\"\">Impuesto Al Valor Agregado. Los art\u00edculos 9O., Fracci\u00f3n X, 15, Fracci\u00f3n Vii, Y 20, Fracci\u00f3n I, De La Ley De La Materia, al exentar del pago de dicho impuesto a las Personas Morales autorizadas para recibir donativos deducibles para los efectos del Impuesto Sobre la Renta cuando enajenan bienes, prestan servicios independientes u otorgan el uso o goce temporal de bienes, no transgreden el principio de progresividad en su vertiente de no regresividad.<\/p>\n\n\n\n<p class=\"\"><strong>Registro digital: 2028115.<\/strong><\/p>\n\n\n\n<p class=\"\">Impuesto Al Valor Agregado. Los art\u00edculos 9O., Fracci\u00f3n X, 15, Fracci\u00f3n Vii, Y 20, Fracci\u00f3n I, De La Ley De La Materia, al exentar del pago de dicho impuesto a las Personas Morales autorizadas para recibir donativos deducibles para los efectos del Impuesto Sobre La Renta cuando enajenan bienes, prestan servicios independientes u otorgan el uso o goce temporal de bienes, no transgreden el principio de proporcionalidad tributaria.<\/p>\n\n\n\n<p class=\"\"><strong>Registro digital: 2028116.<\/strong><\/p>\n\n\n\n<p class=\"\">Impuesto Al Valor Agregado. Los art\u00edculos 9O., Fracci\u00f3n X, 15, Fracci\u00f3n Vii, Y 20, Fracci\u00f3n I, De La Ley De La Materia, al exentar del pago de dicho impuesto a las Personas Morales autorizadas para recibir donativos deducibles para los efectos del Impuesto Sobre La Renta cuando enajenan bienes, prestan servicios independientes u otorgan el uso o goce temporal de bienes, respetan el principio de razonabilidad legislativa.<\/p>\n\n\n\n<p class=\"\"><strong>Consulta las tesis:<\/strong><\/p>\n\n\n\n<p class=\"\"><a rel=\"noreferrer noopener\" target=\"_blank\" href=\"https:\/\/mcusercontent.com\/47ced978f1acc9269b4b8db7b\/files\/7803742f-6efb-0fa9-2a5c-5059187da01a\/Tesis2028113.pdf\">Registro digital: 2028113<\/a><\/p>\n\n\n\n<p class=\"\"><a rel=\"noreferrer noopener\" target=\"_blank\" href=\"https:\/\/mcusercontent.com\/47ced978f1acc9269b4b8db7b\/files\/6412f353-44ed-daf4-0c9a-7bde42de16d4\/Tesis2028114.pdf\">Registro digital: 2028114<\/a><\/p>\n\n\n\n<p class=\"\"><a rel=\"noreferrer noopener\" target=\"_blank\" href=\"https:\/\/mcusercontent.com\/47ced978f1acc9269b4b8db7b\/files\/92f31ba4-af1d-bc90-5521-8fd12c662021\/Tesis2028115.pdf\">Registro digital: 2028115<\/a><\/p>\n\n\n\n<p class=\"\"><a rel=\"noreferrer noopener\" target=\"_blank\" href=\"https:\/\/mcusercontent.com\/47ced978f1acc9269b4b8db7b\/files\/b0c395b9-d538-9b89-70de-6405e90fdb55\/Tesis2028116.pdf\">Registro digital: 2028116<\/a><\/p>\n","protected":false},"excerpt":{"rendered":"<p>El pasado 06 de febrero de 2024, se publicaron en el Semanario Judicial de la Federaci\u00f3n de la Suprema Corte de Justicia de la Naci\u00f3n (SCJN), las siguientes tesis relativas a la exenci\u00f3n del pago del Impuesto al Valor Agregado a las personas morales autorizadas para recibir donativos deducibles para efectos del Impuesto Sobre la [&hellip;]<\/p>\n","protected":false},"author":1,"featured_media":0,"comment_status":"closed","ping_status":"closed","sticky":false,"template":"","format":"standard","meta":{"nf_dc_page":"","_joinchat":[],"footnotes":""},"categories":[5],"tags":[],"class_list":["post-2265","post","type-post","status-publish","format-standard","hentry","category-fiscales"],"_links":{"self":[{"href":"https:\/\/grupoadministrategia.com\/en\/wp-json\/wp\/v2\/posts\/2265","targetHints":{"allow":["GET"]}}],"collection":[{"href":"https:\/\/grupoadministrategia.com\/en\/wp-json\/wp\/v2\/posts"}],"about":[{"href":"https:\/\/grupoadministrategia.com\/en\/wp-json\/wp\/v2\/types\/post"}],"author":[{"embeddable":true,"href":"https:\/\/grupoadministrategia.com\/en\/wp-json\/wp\/v2\/users\/1"}],"replies":[{"embeddable":true,"href":"https:\/\/grupoadministrategia.com\/en\/wp-json\/wp\/v2\/comments?post=2265"}],"version-history":[{"count":2,"href":"https:\/\/grupoadministrategia.com\/en\/wp-json\/wp\/v2\/posts\/2265\/revisions"}],"predecessor-version":[{"id":2277,"href":"https:\/\/grupoadministrategia.com\/en\/wp-json\/wp\/v2\/posts\/2265\/revisions\/2277"}],"wp:attachment":[{"href":"https:\/\/grupoadministrategia.com\/en\/wp-json\/wp\/v2\/media?parent=2265"}],"wp:term":[{"taxonomy":"category","embeddable":true,"href":"https:\/\/grupoadministrategia.com\/en\/wp-json\/wp\/v2\/categories?post=2265"},{"taxonomy":"post_tag","embeddable":true,"href":"https:\/\/grupoadministrategia.com\/en\/wp-json\/wp\/v2\/tags?post=2265"}],"curies":[{"name":"wp","href":"https:\/\/api.w.org\/{rel}","templated":true}]}}