{"id":2262,"date":"2024-02-07T23:44:14","date_gmt":"2024-02-07T23:44:14","guid":{"rendered":"https:\/\/grupoadministrategia.com\/en\/?p=2262"},"modified":"2024-12-19T23:47:37","modified_gmt":"2024-12-19T23:47:37","slug":"sat-nuevo-formato-para-la-presentacion-de-iva","status":"publish","type":"post","link":"https:\/\/grupoadministrategia.com\/en\/2024\/02\/07\/sat-nuevo-formato-para-la-presentacion-de-iva\/","title":{"rendered":"SAT- Nuevo formato para la presentaci\u00f3n de IVA"},"content":{"rendered":"\n<p class=\"\">El pasado 02 de febrero de 2024 el Servicio de Administraci\u00f3n Tributaria (SAT) lanz\u00f3 el nuevo formato para la presentaci\u00f3n de la declaraci\u00f3n definitiva de IVA para 2024, con la informaci\u00f3n precargada conforme los CFDI y complementos de pago del mes que se trata. Al momento esta informaci\u00f3n puede ser editada en su totalidad e incluir datos manuales.<\/p>\n\n\n\n<p class=\"\"><a rel=\"noreferrer noopener\" target=\"_blank\" href=\"https:\/\/pstcdypisr.clouda.sat.gob.mx\/Declaracion\/PerfilDeclaracion\">Consulte el formato<\/a><\/p>\n","protected":false},"excerpt":{"rendered":"<p>El pasado 02 de febrero de 2024 el Servicio de Administraci\u00f3n Tributaria (SAT) lanz\u00f3 el nuevo formato para la presentaci\u00f3n de la declaraci\u00f3n definitiva de IVA para 2024, con la informaci\u00f3n precargada conforme los CFDI y complementos de pago del mes que se trata. Al momento esta informaci\u00f3n puede ser editada en su totalidad e [&hellip;]<\/p>\n","protected":false},"author":1,"featured_media":0,"comment_status":"closed","ping_status":"closed","sticky":false,"template":"","format":"standard","meta":{"nf_dc_page":"","_joinchat":[],"footnotes":""},"categories":[5],"tags":[],"class_list":["post-2262","post","type-post","status-publish","format-standard","hentry","category-fiscales"],"_links":{"self":[{"href":"https:\/\/grupoadministrategia.com\/en\/wp-json\/wp\/v2\/posts\/2262","targetHints":{"allow":["GET"]}}],"collection":[{"href":"https:\/\/grupoadministrategia.com\/en\/wp-json\/wp\/v2\/posts"}],"about":[{"href":"https:\/\/grupoadministrategia.com\/en\/wp-json\/wp\/v2\/types\/post"}],"author":[{"embeddable":true,"href":"https:\/\/grupoadministrategia.com\/en\/wp-json\/wp\/v2\/users\/1"}],"replies":[{"embeddable":true,"href":"https:\/\/grupoadministrategia.com\/en\/wp-json\/wp\/v2\/comments?post=2262"}],"version-history":[{"count":2,"href":"https:\/\/grupoadministrategia.com\/en\/wp-json\/wp\/v2\/posts\/2262\/revisions"}],"predecessor-version":[{"id":2274,"href":"https:\/\/grupoadministrategia.com\/en\/wp-json\/wp\/v2\/posts\/2262\/revisions\/2274"}],"wp:attachment":[{"href":"https:\/\/grupoadministrategia.com\/en\/wp-json\/wp\/v2\/media?parent=2262"}],"wp:term":[{"taxonomy":"category","embeddable":true,"href":"https:\/\/grupoadministrategia.com\/en\/wp-json\/wp\/v2\/categories?post=2262"},{"taxonomy":"post_tag","embeddable":true,"href":"https:\/\/grupoadministrategia.com\/en\/wp-json\/wp\/v2\/tags?post=2262"}],"curies":[{"name":"wp","href":"https:\/\/api.w.org\/{rel}","templated":true}]}}