{"id":2184,"date":"2024-01-16T23:22:29","date_gmt":"2024-01-16T23:22:29","guid":{"rendered":"https:\/\/grupoadministrategia.com\/en\/?p=2184"},"modified":"2024-12-19T23:23:11","modified_gmt":"2024-12-19T23:23:11","slug":"se-autoriza-la-simplificacion-y-desregulacion-de-tramites","status":"publish","type":"post","link":"https:\/\/grupoadministrategia.com\/en\/2024\/01\/16\/se-autoriza-la-simplificacion-y-desregulacion-de-tramites\/","title":{"rendered":"Se autoriza la simplificaci\u00f3n y desregulaci\u00f3n de tr\u00e1mites"},"content":{"rendered":"<p>El Instituto Mexicano del Seguro Social (IMSS), con fecha 15 de enero de 2024, public\u00f3 en el Diario Oficial de la Federaci\u00f3n (DOF), el Acuerdo n\u00famero ACDO.AS2.HCT.121223\/340.P.DIR, as\u00ed como su Anexo \u00danico, dictado por el H. Consejo T\u00e9cnico en sesi\u00f3n ordinaria celebrada el 12 de diciembre de 2023, por el que se autoriza la simplificaci\u00f3n y desregulaci\u00f3n de tr\u00e1mites que la Direcci\u00f3n de Incorporaci\u00f3n y Recaudaci\u00f3n tiene registrados ante la Comisi\u00f3n Nacional de Mejora Regulatoria.<\/p>\n<p>Mediante el citado documento, entre otros, se mencionan los siguientes acuerdos:<\/p>\n<ul>\n<li>Actualizaci\u00f3n de los tr\u00e1mites que han sido objeto de mejoras, descritos en su Anexo \u00danico.<\/li>\n<li>Aprobar plazos m\u00e1ximos de resoluci\u00f3n y vigencia, as\u00ed como los datos y documentos\u00a0para Tr\u00e1mite denominado Personas Trabajadoras del Hogar.<\/li>\n<li>Aprobar la incorporaci\u00f3n de tres modalidades (para registro, actualizaci\u00f3n y baja) de persona en uni\u00f3n civil, en relaci\u00f3n con el tr\u00e1mite Solicitud de registro y actualizaci\u00f3n de derechohabientes.<\/li>\n<li>Aprobar los formatos Determinaci\u00f3n de la Prima en el Seguro de Riesgos de Trabajo derivada de la Revisi\u00f3n Anual de la Siniestralidad&#8217; (CLEM-22) y Relaci\u00f3n de Casos de Riesgos de Trabajo Terminados&#8217; (CLEM-22A)<\/li>\n<li>Aprobar el formato Aviso de modificaci\u00f3n de las empresas para el Seguro de Riesgos de Trabajo&#8217; (AM-SRT)<\/li>\n<li>Aprobar que los tr\u00e1mites referidos en el Anexo \u00danico puedan gestionarse de manera digital<\/li>\n<\/ul>\n","protected":false},"excerpt":{"rendered":"<p>El Instituto Mexicano del Seguro Social (IMSS), con fecha 15 de enero de 2024, public\u00f3 en el Diario Oficial de la Federaci\u00f3n (DOF), el Acuerdo n\u00famero ACDO.AS2.HCT.121223\/340.P.DIR, as\u00ed como su Anexo \u00danico, dictado por el H. Consejo T\u00e9cnico en sesi\u00f3n ordinaria celebrada el 12 de diciembre de 2023, por el que se autoriza la simplificaci\u00f3n [&hellip;]<\/p>\n","protected":false},"author":1,"featured_media":0,"comment_status":"closed","ping_status":"closed","sticky":false,"template":"","format":"standard","meta":{"nf_dc_page":"","_joinchat":[],"footnotes":""},"categories":[5],"tags":[],"class_list":["post-2184","post","type-post","status-publish","format-standard","hentry","category-fiscales"],"_links":{"self":[{"href":"https:\/\/grupoadministrategia.com\/en\/wp-json\/wp\/v2\/posts\/2184","targetHints":{"allow":["GET"]}}],"collection":[{"href":"https:\/\/grupoadministrategia.com\/en\/wp-json\/wp\/v2\/posts"}],"about":[{"href":"https:\/\/grupoadministrategia.com\/en\/wp-json\/wp\/v2\/types\/post"}],"author":[{"embeddable":true,"href":"https:\/\/grupoadministrategia.com\/en\/wp-json\/wp\/v2\/users\/1"}],"replies":[{"embeddable":true,"href":"https:\/\/grupoadministrategia.com\/en\/wp-json\/wp\/v2\/comments?post=2184"}],"version-history":[{"count":2,"href":"https:\/\/grupoadministrategia.com\/en\/wp-json\/wp\/v2\/posts\/2184\/revisions"}],"predecessor-version":[{"id":2186,"href":"https:\/\/grupoadministrategia.com\/en\/wp-json\/wp\/v2\/posts\/2184\/revisions\/2186"}],"wp:attachment":[{"href":"https:\/\/grupoadministrategia.com\/en\/wp-json\/wp\/v2\/media?parent=2184"}],"wp:term":[{"taxonomy":"category","embeddable":true,"href":"https:\/\/grupoadministrategia.com\/en\/wp-json\/wp\/v2\/categories?post=2184"},{"taxonomy":"post_tag","embeddable":true,"href":"https:\/\/grupoadministrategia.com\/en\/wp-json\/wp\/v2\/tags?post=2184"}],"curies":[{"name":"wp","href":"https:\/\/api.w.org\/{rel}","templated":true}]}}